{"id":1316,"date":"2014-10-16T11:20:27","date_gmt":"2014-10-16T10:20:27","guid":{"rendered":"http:\/\/www.susanatorre.net\/?p=1316"},"modified":"2014-10-16T11:20:27","modified_gmt":"2014-10-16T10:20:27","slug":"de-compras","status":"publish","type":"post","link":"https:\/\/www.susanatorre.net\/es\/de-compras\/","title":{"rendered":"DE COMPRAS"},"content":{"rendered":"<p>El comediante de televisi\u00f3n David Brenner me entrevist\u00f3 en los primeros a\u00f1os de la d\u00e9cada de 1980 en relaci\u00f3n con la remodelaci\u00f3n de una vivienda que reci\u00e9n hab\u00eda comprado en Nueva York. Hab\u00eda le\u00eddo un art\u00edculo sobre mi obra en la revista <em>Avenue<\/em>, que se entregaba gratuitamente a los residentes de Park Avenue y otros neoyorquinos con altos ingresos. Me cit\u00f3 en su residencia, plet\u00f3rica de objetos, incluyendo una novia-trofeo que se mimetizaba con ellos. Mi carrera reci\u00e9n comenzaba, por lo que mi portafolio no era muy abultado, y solo inclu\u00eda interiores. Pero los proyectos no carec\u00edan de ambici\u00f3n. Brenner me pareci\u00f3 un hombre inteligente, por lo que entr\u00e9 a explicarle el mapeo de los sitios, las matrices espaciales y el imaginario asociativo de mis proyectos, resueltos en una compleja espacialidad. Le llamaron la atenci\u00f3n el Despacho de Abogados y el Consulado de la Costa de Marfil. Parec\u00eda asombrado de que banales oficinas pod\u00edan convertirse en paisajes metaf\u00f3ricos evocadores de asociaciones personales o colectivas. Silenciosamente, termin\u00f3 de pasar revista al portafolio y dijo: \u201c Esto\u2026 no\u2026 va\u2026 a\u2026 funcionar\u2026 Usted\u2026 es\u2026 eh\u2026 una\u2026 artista! Y\u2026 nosotros\u2026 somos\u2026 eh\u2026 CONSUMIDORES!!! Puedo recordar c\u00f3mo se salpicaron las fotos, afortunadamente protegidas por fundas de pl\u00e1stico. Sagazmente, \u00e9l se dio cuenta de que no podr\u00eda contar conmigo como una compa\u00f1era genuinamente entusiasta a la hora de salir de compras.<\/p>\n<p>Con el tiempo aprend\u00ed a gestionar el consumo impulsado por el af\u00e1n de consolidar o aumentar su estatus que los clientes que pueden pagarse un arquitecto introducen en el dise\u00f1o de sus viviendas. Pero esa tarde con David Brenner me hizo afrontar sin subterfugios algunas preguntas dif\u00edciles sobre el tipo de vida profesional que aspiraba a desarrollar. Por primera vez en mi incipiente carrera tuve que considerar si los arquitectos, especialmente los j\u00f3venes ansiosos por conseguir proyectos, tendr\u00edan que promoverse suprimiendo la discusi\u00f3n de ideas y diciendo solo lo que los clientes quer\u00edan o\u00edr. O si hab\u00eda habido un malentendido cultural que me impidi\u00f3 \u201cleer\u201d la situaci\u00f3n desde el comienzo. Y si valdr\u00eda la pena hacer proyectos tan circunscriptos por asuntos relacionados con el estatus y el consumo. O si las arquitectas eran percibidas como m\u00e1s interesadas en ir de compras que los arquitectos. Unas pocas semanas antes me hab\u00edan preguntado en una entrevista de la secci\u00f3n del Hogar del New York Times cu\u00e1l era mi electrodom\u00e9stico favorito, incluyendo la marca. Respond\u00ed recomendando el restaurante del Hotel Dorset, frente a mi vivienda, donde desayunaba tan pronto como me despertaba. Como mi respuesta no hab\u00eda cumplido con las expectativas de la entrevistadora, no fue publicada.<\/p>\n<p>Pens\u00e9 entonces que, si ten\u00eda que ganarme la vida exclusivamente con la pr\u00e1ctica profesional, tendr\u00eda que aprender a vivir con el enga\u00f1o y la autocensura. La cuesti\u00f3n era: \u00bfhasta d\u00f3nde podr\u00eda llegar sin violar mis propios valores? Sintiendo la peligrosa proximidad de una cuesta resbalosa, decid\u00ed encontrar una manera de combinar la pr\u00e1ctica profesional con la acad\u00e9mica. Ya ten\u00eda colegas (masculinos) que lo estaban haciendo (aparentemente con \u00e9xito) aunque no se quedaban tantas horas como yo con sus estudiantes para asegurar que produjeran el mejor dise\u00f1o del que eran capaces. Tal dedicaci\u00f3n de mi parte me gan\u00f3 una posici\u00f3n a tiempo completo en la Universidad de Columbia, y la libertad econ\u00f3mica para poder rechazar proyectos definidos exclusivamente por el consumo. Pero al precio de vivir una existencia heroica y desequilibrada, presionada por la intensidad de cumplir con las agotadoras exigencias de vidas paralelas. C\u00f3mo me las arregl\u00e9 para navegar la dicotom\u00eda entre la pr\u00e1ctica profesional y la acad\u00e9mica ser\u00e1 el tema de otros art\u00edculos en este blog.<\/p>\n<p>Sin embargo, todav\u00eda agradezco la agudeza de David Brenner (recientemente fallecido) por su perspicacia, que me ayud\u00f3, y a \u00e9l tambi\u00e9n, a clarificar una distinci\u00f3n crucial.<\/p>\n","protected":false},"excerpt":{"rendered":"<p>El comediante de televisi\u00f3n David Brenner me entrevist\u00f3 en los primeros a\u00f1os de la d\u00e9cada de 1980 en relaci\u00f3n con la remodelaci\u00f3n de una vivienda que reci\u00e9n hab\u00eda comprado en Nueva York. Hab\u00eda le\u00eddo un art\u00edculo sobre mi obra en la revista Avenue, que se entregaba gratuitamente a los residentes de Park Avenue y otros [&hellip;]<\/p>\n","protected":false},"author":5,"featured_media":0,"comment_status":"closed","ping_status":"closed","sticky":false,"template":"","format":"standard","meta":{"footnotes":""},"categories":[2],"tags":[],"class_list":["post-1316","post","type-post","status-publish","format-standard","hentry","category-sin-categorizar"],"_links":{"self":[{"href":"https:\/\/www.susanatorre.net\/es\/wp-json\/wp\/v2\/posts\/1316","targetHints":{"allow":["GET"]}}],"collection":[{"href":"https:\/\/www.susanatorre.net\/es\/wp-json\/wp\/v2\/posts"}],"about":[{"href":"https:\/\/www.susanatorre.net\/es\/wp-json\/wp\/v2\/types\/post"}],"author":[{"embeddable":true,"href":"https:\/\/www.susanatorre.net\/es\/wp-json\/wp\/v2\/users\/5"}],"replies":[{"embeddable":true,"href":"https:\/\/www.susanatorre.net\/es\/wp-json\/wp\/v2\/comments?post=1316"}],"version-history":[{"count":1,"href":"https:\/\/www.susanatorre.net\/es\/wp-json\/wp\/v2\/posts\/1316\/revisions"}],"predecessor-version":[{"id":1317,"href":"https:\/\/www.susanatorre.net\/es\/wp-json\/wp\/v2\/posts\/1316\/revisions\/1317"}],"wp:attachment":[{"href":"https:\/\/www.susanatorre.net\/es\/wp-json\/wp\/v2\/media?parent=1316"}],"wp:term":[{"taxonomy":"category","embeddable":true,"href":"https:\/\/www.susanatorre.net\/es\/wp-json\/wp\/v2\/categories?post=1316"},{"taxonomy":"post_tag","embeddable":true,"href":"https:\/\/www.susanatorre.net\/es\/wp-json\/wp\/v2\/tags?post=1316"}],"curies":[{"name":"wp","href":"https:\/\/api.w.org\/{rel}","templated":true}]}}